{"id":7421,"date":"2024-03-18T18:08:14","date_gmt":"2024-03-18T16:08:14","guid":{"rendered":"https:\/\/elpatronvintage.com\/?p=7421"},"modified":"2024-03-24T23:24:54","modified_gmt":"2024-03-24T21:24:54","slug":"comment-recycler-vos-vetements-ou-leur-donner-une-duree-de-vie-plus-longue-2","status":"publish","type":"post","link":"http:\/\/elpatronvintage.com\/fr\/comment-recycler-vos-vetements-ou-leur-donner-une-duree-de-vie-plus-longue-2\/","title":{"rendered":"COMMENT RECYCLER VOS V\u00caTEMENTS OU LEUR DONNER UNE DUR\u00c9E DE VIE PLUS LONGUE ?"},"content":{"rendered":"<div data-elementor-type=\"wp-post\" data-elementor-id=\"7421\" class=\"elementor elementor-7421\" data-elementor-post-type=\"post\">\n\t\t\t\t\t\t<section class=\"elementor-section elementor-top-section elementor-element elementor-element-3816c316 elementor-section-boxed elementor-section-height-default elementor-section-height-default\" data-id=\"3816c316\" data-element_type=\"section\" data-e-type=\"section\">\n\t\t\t\t\t\t<div class=\"elementor-container elementor-column-gap-default\">\n\t\t\t\t\t<div class=\"elementor-column elementor-col-100 elementor-top-column elementor-element elementor-element-25d89dfb\" data-id=\"25d89dfb\" data-element_type=\"column\" data-e-type=\"column\">\n\t\t\t<div class=\"elementor-widget-wrap elementor-element-populated\">\n\t\t\t\t\t\t<div class=\"elementor-element elementor-element-523d523 elementor-widget elementor-widget-text-editor\" data-id=\"523d523\" data-element_type=\"widget\" data-e-type=\"widget\" data-widget_type=\"text-editor.default\">\n\t\t\t\t<div class=\"elementor-widget-container\">\n\t\t\t\t\t\t\t\t\t<h2><span style=\"font-weight: 400;\">Si vous aimez la mode, que vous vous souciez de la plan\u00e8te et que vous cherchez des moyens d'ajouter un peu d'\u00e9clat \u00e0 votre garde-robe, laissez-moi vous dire que vous \u00eates au bon endroit. Aujourd'hui, nous allons vous montrer comment recycler ou r\u00e9utiliser vos v\u00eatements de mani\u00e8re cr\u00e9ative.<\/span><\/h2><p><span style=\"font-weight: 400;\">Il existe de nombreuses fa\u00e7ons de revoir son style et d'\u00eatre \u00e0 la mode sans nuire \u00e0 la plan\u00e8te, et certaines d'entre elles sont tr\u00e8s tendance.<\/span><b> TOP !<\/b><\/p><ul><li><b>Faites une transformation de votre garde-robe.<\/b><span style=\"font-weight: 400;\"> Lib\u00e9rez votre cr\u00e9ativit\u00e9. Vous pouvez transformer <\/span><span style=\"text-decoration: underline;\"><a href=\"https:\/\/elpatronvintage.com\/fr\/produit\/t-shirts-de-marque\/\"><b>T-shirts<\/b><\/a><\/span><span style=\"font-weight: 400;\"> o <\/span><span style=\"text-decoration: underline;\"><a href=\"https:\/\/elpatronvintage.com\/fr\/produit\/sweatshirts-de-marque\/\"><b>sweatshirts de marque<\/b> <\/a><\/span><span style=\"font-weight: 400;\">en crop tops ou convertir <\/span><span style=\"text-decoration: underline;\"><a href=\"https:\/\/elpatronvintage.com\/fr\/produit\/levis-mix\/\"><b>votre jean pr\u00e9f\u00e9r\u00e9<\/b><\/a><\/span><span style=\"font-weight: 400;\"> qui sont d\u00e9j\u00e0 un peu us\u00e9s en<\/span><span style=\"text-decoration: underline;\"><a href=\"https:\/\/elpatronvintage.com\/fr\/produit\/short-levis\/\"> <b>short<\/b><\/a><\/span><span style=\"font-weight: 400;\"><span style=\"text-decoration: underline;\">.<\/span> Ne vous imposez pas de limites, vous \u00eates s\u00fbr d'aimer le v\u00eatement que vous avez choisi beaucoup plus qu'avant !<\/span><\/li><\/ul><p><img fetchpriority=\"high\" decoding=\"async\" class=\"size-medium wp-image-7407 aligncenter\" src=\"http:\/\/elpatronvintage.com\/wp-content\/uploads\/2024\/03\/35cc28fe9d889ced88ef79739c6d6a04_11zon-300x300.webp\" alt=\"\" width=\"300\" height=\"300\" srcset=\"http:\/\/elpatronvintage.com\/wp-content\/uploads\/2024\/03\/35cc28fe9d889ced88ef79739c6d6a04_11zon-300x300.webp 300w, http:\/\/elpatronvintage.com\/wp-content\/uploads\/2024\/03\/35cc28fe9d889ced88ef79739c6d6a04_11zon-150x150.webp 150w, http:\/\/elpatronvintage.com\/wp-content\/uploads\/2024\/03\/35cc28fe9d889ced88ef79739c6d6a04_11zon-12x12.webp 12w, http:\/\/elpatronvintage.com\/wp-content\/uploads\/2024\/03\/35cc28fe9d889ced88ef79739c6d6a04_11zon-380x380.webp 380w, http:\/\/elpatronvintage.com\/wp-content\/uploads\/2024\/03\/35cc28fe9d889ced88ef79739c6d6a04_11zon-450x450.webp 450w, http:\/\/elpatronvintage.com\/wp-content\/uploads\/2024\/03\/35cc28fe9d889ced88ef79739c6d6a04_11zon-250x250.webp 250w, http:\/\/elpatronvintage.com\/wp-content\/uploads\/2024\/03\/35cc28fe9d889ced88ef79739c6d6a04_11zon-100x100.webp 100w, http:\/\/elpatronvintage.com\/wp-content\/uploads\/2024\/03\/35cc28fe9d889ced88ef79739c6d6a04_11zon.webp 564w\" sizes=\"(max-width: 300px) 100vw, 300px\" \/><br \/><b><\/b><\/p><ul><li aria-level=\"1\"><b>R\u00e9parez vos v\u00eatements au lieu de les jeter. <\/b><span style=\"font-weight: 400;\">Si vous avez un v\u00eatement que vous adorez mais qui pr\u00e9sente un petit trou ou si vous vous \u00eates un peu tromp\u00e9 avec l'astuce pr\u00e9c\u00e9dente, ne vous inqui\u00e9tez pas, nous avons une solution. Apprenez \u00e0 recouvrir les trous avec des patchs (comme au bon vieux temps) ou ajoutez-y votre collection d'\u00e9pingles pr\u00e9f\u00e9r\u00e9e. <\/span><a href=\"https:\/\/elpatronvintage.com\/fr\/produit\/marque-de-jeans\/\"><span style=\"text-decoration: underline;\"><b>veste en jean<\/b> <\/span><\/a><span style=\"font-weight: 400;\">qui pr\u00e9sente une certaine usure. Si vous n'avez pas de pin's, ne vous inqui\u00e9tez pas, vous pouvez visiter un march\u00e9 aux puces, il y a toujours de petits stands o\u00f9 l'on vend des pin's vintage.<\/span><\/li><\/ul><p><img decoding=\"async\" class=\"size-medium wp-image-7408 aligncenter\" src=\"http:\/\/elpatronvintage.com\/wp-content\/uploads\/2024\/03\/59115c38ec2b806f6e255d11c28d341c_11zon-225x300.webp\" alt=\"\" width=\"225\" height=\"300\" srcset=\"http:\/\/elpatronvintage.com\/wp-content\/uploads\/2024\/03\/59115c38ec2b806f6e255d11c28d341c_11zon-225x300.webp 225w, http:\/\/elpatronvintage.com\/wp-content\/uploads\/2024\/03\/59115c38ec2b806f6e255d11c28d341c_11zon-113x150.webp 113w, http:\/\/elpatronvintage.com\/wp-content\/uploads\/2024\/03\/59115c38ec2b806f6e255d11c28d341c_11zon-9x12.webp 9w, http:\/\/elpatronvintage.com\/wp-content\/uploads\/2024\/03\/59115c38ec2b806f6e255d11c28d341c_11zon-450x600.webp 450w, http:\/\/elpatronvintage.com\/wp-content\/uploads\/2024\/03\/59115c38ec2b806f6e255d11c28d341c_11zon-250x333.webp 250w, http:\/\/elpatronvintage.com\/wp-content\/uploads\/2024\/03\/59115c38ec2b806f6e255d11c28d341c_11zon.webp 564w\" sizes=\"(max-width: 225px) 100vw, 225px\" \/><\/p><ul><li aria-level=\"1\"><b>\u00c9change de v\u00eatements. <\/b><span style=\"font-weight: 400;\">Vous pouvez organiser ou participer \u00e0 des soir\u00e9es d'\u00e9change de v\u00eatements. Vous d\u00e9couvrirez certainement<\/span><span style=\"text-decoration: underline;\"><a href=\"https:\/\/elpatronvintage.com\/fr\/produit\/lot-mix-sale-2\/\"> <b>tr\u00e9sors<\/b> <\/a><\/span><span style=\"font-weight: 400;\">qui \u00e9taient cach\u00e9s dans les armoires de vos coll\u00e8gues ou voisins. C'est une fa\u00e7on super sympa, \u00e9cologique et \u00e9conomique de renouveler sa garde-robe. Vous trouverez certainement des <\/span><span style=\"text-decoration: underline;\"><a href=\"https:\/\/elpatronvintage.com\/fr\/produit\/chemises-de-marque\/\"><b>chemise<\/b> <\/a><\/span><span style=\"font-weight: 400;\">surdimensionn\u00e9 brutal.<\/span><\/li><\/ul><p><b><img decoding=\"async\" class=\"size-medium wp-image-7405 aligncenter\" src=\"http:\/\/elpatronvintage.com\/wp-content\/uploads\/2024\/03\/4d2da63acef116bb4126ce1f2b2f04d5_11zon-200x300.webp\" alt=\"\" width=\"200\" height=\"300\" srcset=\"http:\/\/elpatronvintage.com\/wp-content\/uploads\/2024\/03\/4d2da63acef116bb4126ce1f2b2f04d5_11zon-200x300.webp 200w, http:\/\/elpatronvintage.com\/wp-content\/uploads\/2024\/03\/4d2da63acef116bb4126ce1f2b2f04d5_11zon-100x150.webp 100w, http:\/\/elpatronvintage.com\/wp-content\/uploads\/2024\/03\/4d2da63acef116bb4126ce1f2b2f04d5_11zon-8x12.webp 8w, http:\/\/elpatronvintage.com\/wp-content\/uploads\/2024\/03\/4d2da63acef116bb4126ce1f2b2f04d5_11zon-450x675.webp 450w, http:\/\/elpatronvintage.com\/wp-content\/uploads\/2024\/03\/4d2da63acef116bb4126ce1f2b2f04d5_11zon-250x375.webp 250w, http:\/\/elpatronvintage.com\/wp-content\/uploads\/2024\/03\/4d2da63acef116bb4126ce1f2b2f04d5_11zon.webp 564w\" sizes=\"(max-width: 200px) 100vw, 200px\" \/><\/b><\/p><ul><li aria-level=\"1\"><b>Vendez vos v\u00eatements en ligne.<\/b><span style=\"font-weight: 400;\"> Vous pouvez vendre vos v\u00eatements en bon \u00e9tat sur des plateformes telles que <\/span><a href=\"https:\/\/www.vinted.es\/?utm_source=617778402678&amp;utm_medium=143398632947&amp;utm_campaign=12356295332&amp;utm_content=kwd-298453551056&amp;gad_source=1&amp;gclid=CjwKCAjwzN-vBhAkEiwAYiO7oH-hcr4wfgODU4bd-6ml64bMu598aBGz7xwh9vz4OBZin5LLDgPKjxoCN3UQAvD_BwE\"><b><span style=\"text-decoration: underline;\">Vinted<\/span>.<\/b><\/a> <span style=\"font-weight: 400;\">\u00a0En plus d'aider la plan\u00e8te, vous aiderez aussi votre portefeuille !<\/span><\/li><\/ul><p><b><\/b><img loading=\"lazy\" decoding=\"async\" class=\"size-medium wp-image-7385 aligncenter\" src=\"http:\/\/elpatronvintage.com\/wp-content\/uploads\/2024\/03\/44e1bbd2a7cbd1cac0f357b30370e1a2-300x300.webp\" alt=\"\" width=\"300\" height=\"300\" srcset=\"http:\/\/elpatronvintage.com\/wp-content\/uploads\/2024\/03\/44e1bbd2a7cbd1cac0f357b30370e1a2-300x300.webp 300w, http:\/\/elpatronvintage.com\/wp-content\/uploads\/2024\/03\/44e1bbd2a7cbd1cac0f357b30370e1a2-150x150.webp 150w, http:\/\/elpatronvintage.com\/wp-content\/uploads\/2024\/03\/44e1bbd2a7cbd1cac0f357b30370e1a2-12x12.webp 12w, http:\/\/elpatronvintage.com\/wp-content\/uploads\/2024\/03\/44e1bbd2a7cbd1cac0f357b30370e1a2-380x380.webp 380w, http:\/\/elpatronvintage.com\/wp-content\/uploads\/2024\/03\/44e1bbd2a7cbd1cac0f357b30370e1a2-250x250.webp 250w, http:\/\/elpatronvintage.com\/wp-content\/uploads\/2024\/03\/44e1bbd2a7cbd1cac0f357b30370e1a2-100x100.webp 100w, http:\/\/elpatronvintage.com\/wp-content\/uploads\/2024\/03\/44e1bbd2a7cbd1cac0f357b30370e1a2.webp 400w\" sizes=\"(max-width: 300px) 100vw, 300px\" \/><\/p><ul><li aria-level=\"1\"><span style=\"font-weight: 400;\">Prenez soin de vos v\u00eatements et de votre style. Il est essentiel de savoir comment conserver ses v\u00eatements en bon \u00e9tat. M\u00eame si cela peut sembler idiot, c'est SUPER IMPORTANT ! Suivez les conseils de lavage figurant sur les \u00e9tiquettes. Si vos v\u00eatements sont tach\u00e9s, ce n'est pas grave, il existe de nombreux moyens de les nettoyer. <\/span><span style=\"text-decoration: underline;\"><a href=\"https:\/\/almacenesfreigenedo.com\/blog\/como-tenir-telas-con-tintes-naturales\/\"><b>colorants organiques<\/b><\/a><\/span><span style=\"font-weight: 400;\"> pour renouveler ce v\u00eatement que vous aimez tant.<\/span><\/li><\/ul><p><img loading=\"lazy\" decoding=\"async\" class=\"size-medium wp-image-7406 aligncenter\" src=\"http:\/\/elpatronvintage.com\/wp-content\/uploads\/2024\/03\/05f2ac821732791b7632e2d1fe74193b-287x300.jpg\" alt=\"\" width=\"287\" height=\"300\" srcset=\"http:\/\/elpatronvintage.com\/wp-content\/uploads\/2024\/03\/05f2ac821732791b7632e2d1fe74193b-287x300.jpg 287w, http:\/\/elpatronvintage.com\/wp-content\/uploads\/2024\/03\/05f2ac821732791b7632e2d1fe74193b-144x150.jpg 144w, http:\/\/elpatronvintage.com\/wp-content\/uploads\/2024\/03\/05f2ac821732791b7632e2d1fe74193b-11x12.jpg 11w, http:\/\/elpatronvintage.com\/wp-content\/uploads\/2024\/03\/05f2ac821732791b7632e2d1fe74193b-450x470.jpg 450w, http:\/\/elpatronvintage.com\/wp-content\/uploads\/2024\/03\/05f2ac821732791b7632e2d1fe74193b-250x261.jpg 250w, http:\/\/elpatronvintage.com\/wp-content\/uploads\/2024\/03\/05f2ac821732791b7632e2d1fe74193b.jpg 564w\" sizes=\"(max-width: 287px) 100vw, 287px\" \/><\/p><p><span style=\"font-weight: 400;\">Recycler et r\u00e9utiliser ses v\u00eatements n'est pas seulement un moyen fantastique d'obtenir un style unique, personnel et original. Plus important encore, c'est une fa\u00e7on de prendre soin de l'\u00e9cosyst\u00e8me.<\/span><\/p><p><span style=\"font-weight: 400;\">Nous esp\u00e9rons que vous avez aim\u00e9 ce blog, nous sommes s\u00fbrs que si vous \u00eates int\u00e9ress\u00e9 par le renouvellement de votre garde-robe, vous serez \u00e9galement int\u00e9ress\u00e9 par la connaissance de quelques magasins de seconde main \u00e0 Barcelone, c'est pourquoi nous vous laissons avec <a href=\"https:\/\/elpatronvintage.com\/fr\/2024\/02\/09\/in-viverra-faucibus-tellus-sed-cursus-quam-fringilla-sit-amet-4\/\"><strong><span style=\"text-decoration: underline;\">ce blog<\/span><\/strong><\/a> Participez au changement, faites du monde de la mode un endroit plus durable !<\/span><\/p>\t\t\t\t\t\t\t\t<\/div>\n\t\t\t\t<\/div>\n\t\t\t\t\t<\/div>\n\t\t<\/div>\n\t\t\t\t\t<\/div>\n\t\t<\/section>\n\t\t\t\t<\/div>","protected":false},"excerpt":{"rendered":"<p>Si te encanta la moda pero te preocupa el planeta y estas buscando formas de darle m\u00e1s chispa a tu armario, perm\u00edteme que te diga que est\u00e1s en el lugar adecuado. Hoy te ense\u00f1aremos como reciclar o reutilizar tu ropa de forma creativa. Hay muchas maneras de renovar tu estilo e ir a la moda [&hellip;]<\/p>\n","protected":false},"author":1,"featured_media":7414,"comment_status":"open","ping_status":"open","sticky":false,"template":"","format":"standard","meta":{"footnotes":""},"categories":[230,228],"tags":[],"class_list":["post-7421","post","type-post","status-publish","format-standard","has-post-thumbnail","hentry","category-economia-circualr","category-moda-vintage"],"yoast_head":"<!-- This site is optimized with the Yoast SEO plugin v26.8 - https:\/\/yoast.com\/product\/yoast-seo-wordpress\/ -->\n<title>\u00bfCOMO RECICLAR TU ROPA O DARLE M\u00c1S TIEMPO DE VIDA?<\/title>\n<meta name=\"robots\" content=\"index, follow, max-snippet:-1, max-image-preview:large, max-video-preview:-1\" \/>\n<link rel=\"canonical\" href=\"http:\/\/elpatronvintage.com\/fr\/comment-recycler-vos-vetements-ou-leur-donner-une-duree-de-vie-plus-longue-2\/\" \/>\n<meta property=\"og:locale\" content=\"fr_FR\" \/>\n<meta property=\"og:type\" content=\"article\" \/>\n<meta property=\"og:title\" content=\"\u00bfCOMO RECICLAR TU ROPA O DARLE M\u00c1S TIEMPO DE VIDA?\" \/>\n<meta property=\"og:description\" content=\"Si te encanta la moda pero te preocupa el planeta y estas buscando formas de darle m\u00e1s chispa a tu armario, perm\u00edteme que te diga que est\u00e1s en el lugar adecuado. Hoy te ense\u00f1aremos como reciclar o reutilizar tu ropa de forma creativa. Hay muchas maneras de renovar tu estilo e ir a la moda [&hellip;]\" \/>\n<meta property=\"og:url\" content=\"http:\/\/elpatronvintage.com\/fr\/comment-recycler-vos-vetements-ou-leur-donner-une-duree-de-vie-plus-longue-2\/\" \/>\n<meta property=\"og:site_name\" content=\"elpatronvintage.com\" \/>\n<meta property=\"article:published_time\" content=\"2024-03-18T16:08:14+00:00\" \/>\n<meta property=\"article:modified_time\" content=\"2024-03-24T21:24:54+00:00\" \/>\n<meta property=\"og:image\" content=\"http:\/\/elpatronvintage.com\/wp-content\/uploads\/2024\/03\/Diseno-sin-titulo.webp\" \/>\n\t<meta property=\"og:image:width\" content=\"1024\" \/>\n\t<meta property=\"og:image:height\" content=\"625\" \/>\n\t<meta property=\"og:image:type\" content=\"image\/webp\" \/>\n<meta name=\"author\" content=\"El Patr\u00f3n Vintage\" \/>\n<meta name=\"twitter:card\" content=\"summary_large_image\" \/>\n<meta name=\"twitter:label1\" content=\"\u00c9crit par\" \/>\n\t<meta name=\"twitter:data1\" content=\"El Patr\u00f3n Vintage\" \/>\n\t<meta name=\"twitter:label2\" content=\"Dur\u00e9e de lecture estim\u00e9e\" \/>\n\t<meta name=\"twitter:data2\" content=\"4 minutes\" \/>\n<script type=\"application\/ld+json\" class=\"yoast-schema-graph\">{\"@context\":\"https:\/\/schema.org\",\"@graph\":[{\"@type\":\"Article\",\"@id\":\"http:\/\/elpatronvintage.com\/como-reciclar-tu-ropa-o-darle-mas-tiempo-de-vida-2\/#article\",\"isPartOf\":{\"@id\":\"http:\/\/elpatronvintage.com\/como-reciclar-tu-ropa-o-darle-mas-tiempo-de-vida-2\/\"},\"author\":{\"name\":\"El Patr\u00f3n Vintage\",\"@id\":\"https:\/\/elpatronvintage.com\/#\/schema\/person\/136d614ed04399813723475b05ec98d1\"},\"headline\":\"\u00bfCOMO RECICLAR TU ROPA O DARLE M\u00c1S TIEMPO DE VIDA?\",\"datePublished\":\"2024-03-18T16:08:14+00:00\",\"dateModified\":\"2024-03-24T21:24:54+00:00\",\"mainEntityOfPage\":{\"@id\":\"http:\/\/elpatronvintage.com\/como-reciclar-tu-ropa-o-darle-mas-tiempo-de-vida-2\/\"},\"wordCount\":454,\"commentCount\":4,\"publisher\":{\"@id\":\"https:\/\/elpatronvintage.com\/#organization\"},\"image\":{\"@id\":\"http:\/\/elpatronvintage.com\/como-reciclar-tu-ropa-o-darle-mas-tiempo-de-vida-2\/#primaryimage\"},\"thumbnailUrl\":\"http:\/\/elpatronvintage.com\/wp-content\/uploads\/2024\/03\/Diseno-sin-titulo.webp\",\"articleSection\":[\"Econom\u00eda Circular\",\"Moda Vintage\"],\"inLanguage\":\"fr-FR\",\"potentialAction\":[{\"@type\":\"CommentAction\",\"name\":\"Comment\",\"target\":[\"http:\/\/elpatronvintage.com\/como-reciclar-tu-ropa-o-darle-mas-tiempo-de-vida-2\/#respond\"]}]},{\"@type\":\"WebPage\",\"@id\":\"http:\/\/elpatronvintage.com\/como-reciclar-tu-ropa-o-darle-mas-tiempo-de-vida-2\/\",\"url\":\"http:\/\/elpatronvintage.com\/como-reciclar-tu-ropa-o-darle-mas-tiempo-de-vida-2\/\",\"name\":\"\u00bfCOMO RECICLAR TU ROPA O DARLE M\u00c1S TIEMPO DE VIDA?\",\"isPartOf\":{\"@id\":\"https:\/\/elpatronvintage.com\/#website\"},\"primaryImageOfPage\":{\"@id\":\"http:\/\/elpatronvintage.com\/como-reciclar-tu-ropa-o-darle-mas-tiempo-de-vida-2\/#primaryimage\"},\"image\":{\"@id\":\"http:\/\/elpatronvintage.com\/como-reciclar-tu-ropa-o-darle-mas-tiempo-de-vida-2\/#primaryimage\"},\"thumbnailUrl\":\"http:\/\/elpatronvintage.com\/wp-content\/uploads\/2024\/03\/Diseno-sin-titulo.webp\",\"datePublished\":\"2024-03-18T16:08:14+00:00\",\"dateModified\":\"2024-03-24T21:24:54+00:00\",\"breadcrumb\":{\"@id\":\"http:\/\/elpatronvintage.com\/como-reciclar-tu-ropa-o-darle-mas-tiempo-de-vida-2\/#breadcrumb\"},\"inLanguage\":\"fr-FR\",\"potentialAction\":[{\"@type\":\"ReadAction\",\"target\":[\"http:\/\/elpatronvintage.com\/como-reciclar-tu-ropa-o-darle-mas-tiempo-de-vida-2\/\"]}]},{\"@type\":\"ImageObject\",\"inLanguage\":\"fr-FR\",\"@id\":\"http:\/\/elpatronvintage.com\/como-reciclar-tu-ropa-o-darle-mas-tiempo-de-vida-2\/#primaryimage\",\"url\":\"http:\/\/elpatronvintage.com\/wp-content\/uploads\/2024\/03\/Diseno-sin-titulo.webp\",\"contentUrl\":\"http:\/\/elpatronvintage.com\/wp-content\/uploads\/2024\/03\/Diseno-sin-titulo.webp\",\"width\":1024,\"height\":625},{\"@type\":\"BreadcrumbList\",\"@id\":\"http:\/\/elpatronvintage.com\/como-reciclar-tu-ropa-o-darle-mas-tiempo-de-vida-2\/#breadcrumb\",\"itemListElement\":[{\"@type\":\"ListItem\",\"position\":1,\"name\":\"Portada\",\"item\":\"http:\/\/elpatronvintage.com\/en\/\"},{\"@type\":\"ListItem\",\"position\":2,\"name\":\"\u00bfCOMO RECICLAR TU ROPA O DARLE M\u00c1S TIEMPO DE VIDA?\"}]},{\"@type\":\"WebSite\",\"@id\":\"https:\/\/elpatronvintage.com\/#website\",\"url\":\"https:\/\/elpatronvintage.com\/\",\"name\":\"EL PATR\u00d3N VINTAGE WHOLESALE | Proveedores de ropa vintage\",\"description\":\"El Patr\u00f3n Vintage CLOTHING WHOLESALE\",\"publisher\":{\"@id\":\"https:\/\/elpatronvintage.com\/#organization\"},\"alternateName\":\"Ropa Vintage al Por Mayor\",\"potentialAction\":[{\"@type\":\"SearchAction\",\"target\":{\"@type\":\"EntryPoint\",\"urlTemplate\":\"https:\/\/elpatronvintage.com\/?s={search_term_string}\"},\"query-input\":{\"@type\":\"PropertyValueSpecification\",\"valueRequired\":true,\"valueName\":\"search_term_string\"}}],\"inLanguage\":\"fr-FR\"},{\"@type\":\"Organization\",\"@id\":\"https:\/\/elpatronvintage.com\/#organization\",\"name\":\"EL PATR\u00d3N VINTAGE WHOLESALE | Proveedores de ropa vintage\",\"url\":\"https:\/\/elpatronvintage.com\/\",\"logo\":{\"@type\":\"ImageObject\",\"inLanguage\":\"fr-FR\",\"@id\":\"https:\/\/elpatronvintage.com\/#\/schema\/logo\/image\/\",\"url\":\"http:\/\/elpatronvintage.com\/wp-content\/uploads\/2023\/01\/logo-web.webp\",\"contentUrl\":\"http:\/\/elpatronvintage.com\/wp-content\/uploads\/2023\/01\/logo-web.webp\",\"width\":961,\"height\":598,\"caption\":\"EL PATR\u00d3N VINTAGE WHOLESALE | Proveedores de ropa vintage\"},\"image\":{\"@id\":\"https:\/\/elpatronvintage.com\/#\/schema\/logo\/image\/\"}},{\"@type\":\"Person\",\"@id\":\"https:\/\/elpatronvintage.com\/#\/schema\/person\/136d614ed04399813723475b05ec98d1\",\"name\":\"El Patr\u00f3n Vintage\",\"image\":{\"@type\":\"ImageObject\",\"inLanguage\":\"fr-FR\",\"@id\":\"https:\/\/elpatronvintage.com\/#\/schema\/person\/image\/\",\"url\":\"https:\/\/secure.gravatar.com\/avatar\/5a17c4a7a66b2f5ab28552978056ec25?s=96&d=mm&r=g\",\"contentUrl\":\"https:\/\/secure.gravatar.com\/avatar\/5a17c4a7a66b2f5ab28552978056ec25?s=96&d=mm&r=g\",\"caption\":\"El Patr\u00f3n Vintage\"},\"sameAs\":[\"http:\/\/elpatronvintage.com\"],\"url\":\"http:\/\/elpatronvintage.com\/fr\/author\/elpatronvintagegmail-com\/\"}]}<\/script>\n<!-- \/ Yoast SEO plugin. -->","yoast_head_json":{"title":"COMMENT RECYCLER VOS V\u00caTEMENTS OU LEUR DONNER UNE DUR\u00c9E DE VIE PLUS LONGUE ?","robots":{"index":"index","follow":"follow","max-snippet":"max-snippet:-1","max-image-preview":"max-image-preview:large","max-video-preview":"max-video-preview:-1"},"canonical":"http:\/\/elpatronvintage.com\/fr\/comment-recycler-vos-vetements-ou-leur-donner-une-duree-de-vie-plus-longue-2\/","og_locale":"fr_FR","og_type":"article","og_title":"\u00bfCOMO RECICLAR TU ROPA O DARLE M\u00c1S TIEMPO DE VIDA?","og_description":"Si te encanta la moda pero te preocupa el planeta y estas buscando formas de darle m\u00e1s chispa a tu armario, perm\u00edteme que te diga que est\u00e1s en el lugar adecuado. Hoy te ense\u00f1aremos como reciclar o reutilizar tu ropa de forma creativa. Hay muchas maneras de renovar tu estilo e ir a la moda [&hellip;]","og_url":"http:\/\/elpatronvintage.com\/fr\/comment-recycler-vos-vetements-ou-leur-donner-une-duree-de-vie-plus-longue-2\/","og_site_name":"elpatronvintage.com","article_published_time":"2024-03-18T16:08:14+00:00","article_modified_time":"2024-03-24T21:24:54+00:00","og_image":[{"width":1024,"height":625,"url":"http:\/\/elpatronvintage.com\/wp-content\/uploads\/2024\/03\/Diseno-sin-titulo.webp","type":"image\/webp"}],"author":"El Patr\u00f3n Vintage","twitter_card":"summary_large_image","twitter_misc":{"\u00c9crit par":"El Patr\u00f3n Vintage","Dur\u00e9e de lecture estim\u00e9e":"4 minutes"},"schema":{"@context":"https:\/\/schema.org","@graph":[{"@type":"Article","@id":"http:\/\/elpatronvintage.com\/como-reciclar-tu-ropa-o-darle-mas-tiempo-de-vida-2\/#article","isPartOf":{"@id":"http:\/\/elpatronvintage.com\/como-reciclar-tu-ropa-o-darle-mas-tiempo-de-vida-2\/"},"author":{"name":"El Patr\u00f3n Vintage","@id":"https:\/\/elpatronvintage.com\/#\/schema\/person\/136d614ed04399813723475b05ec98d1"},"headline":"\u00bfCOMO RECICLAR TU ROPA O DARLE M\u00c1S TIEMPO DE VIDA?","datePublished":"2024-03-18T16:08:14+00:00","dateModified":"2024-03-24T21:24:54+00:00","mainEntityOfPage":{"@id":"http:\/\/elpatronvintage.com\/como-reciclar-tu-ropa-o-darle-mas-tiempo-de-vida-2\/"},"wordCount":454,"commentCount":4,"publisher":{"@id":"https:\/\/elpatronvintage.com\/#organization"},"image":{"@id":"http:\/\/elpatronvintage.com\/como-reciclar-tu-ropa-o-darle-mas-tiempo-de-vida-2\/#primaryimage"},"thumbnailUrl":"http:\/\/elpatronvintage.com\/wp-content\/uploads\/2024\/03\/Diseno-sin-titulo.webp","articleSection":["Econom\u00eda Circular","Moda Vintage"],"inLanguage":"fr-FR","potentialAction":[{"@type":"CommentAction","name":"Comment","target":["http:\/\/elpatronvintage.com\/como-reciclar-tu-ropa-o-darle-mas-tiempo-de-vida-2\/#respond"]}]},{"@type":"WebPage","@id":"http:\/\/elpatronvintage.com\/como-reciclar-tu-ropa-o-darle-mas-tiempo-de-vida-2\/","url":"http:\/\/elpatronvintage.com\/como-reciclar-tu-ropa-o-darle-mas-tiempo-de-vida-2\/","name":"COMMENT RECYCLER VOS V\u00caTEMENTS OU LEUR DONNER UNE DUR\u00c9E DE VIE PLUS LONGUE ?","isPartOf":{"@id":"https:\/\/elpatronvintage.com\/#website"},"primaryImageOfPage":{"@id":"http:\/\/elpatronvintage.com\/como-reciclar-tu-ropa-o-darle-mas-tiempo-de-vida-2\/#primaryimage"},"image":{"@id":"http:\/\/elpatronvintage.com\/como-reciclar-tu-ropa-o-darle-mas-tiempo-de-vida-2\/#primaryimage"},"thumbnailUrl":"http:\/\/elpatronvintage.com\/wp-content\/uploads\/2024\/03\/Diseno-sin-titulo.webp","datePublished":"2024-03-18T16:08:14+00:00","dateModified":"2024-03-24T21:24:54+00:00","breadcrumb":{"@id":"http:\/\/elpatronvintage.com\/como-reciclar-tu-ropa-o-darle-mas-tiempo-de-vida-2\/#breadcrumb"},"inLanguage":"fr-FR","potentialAction":[{"@type":"ReadAction","target":["http:\/\/elpatronvintage.com\/como-reciclar-tu-ropa-o-darle-mas-tiempo-de-vida-2\/"]}]},{"@type":"ImageObject","inLanguage":"fr-FR","@id":"http:\/\/elpatronvintage.com\/como-reciclar-tu-ropa-o-darle-mas-tiempo-de-vida-2\/#primaryimage","url":"http:\/\/elpatronvintage.com\/wp-content\/uploads\/2024\/03\/Diseno-sin-titulo.webp","contentUrl":"http:\/\/elpatronvintage.com\/wp-content\/uploads\/2024\/03\/Diseno-sin-titulo.webp","width":1024,"height":625},{"@type":"BreadcrumbList","@id":"http:\/\/elpatronvintage.com\/como-reciclar-tu-ropa-o-darle-mas-tiempo-de-vida-2\/#breadcrumb","itemListElement":[{"@type":"ListItem","position":1,"name":"Portada","item":"http:\/\/elpatronvintage.com\/en\/"},{"@type":"ListItem","position":2,"name":"\u00bfCOMO RECICLAR TU ROPA O DARLE M\u00c1S TIEMPO DE VIDA?"}]},{"@type":"WebSite","@id":"https:\/\/elpatronvintage.com\/#website","url":"https:\/\/elpatronvintage.com\/","name":"THE WHOLESALE VINTAGE PATTERN | Fournisseurs de v\u00eatements vintage","description":"Le patron vintage de CLOTHING WHOLESALE","publisher":{"@id":"https:\/\/elpatronvintage.com\/#organization"},"alternateName":"Ropa Vintage al Por Mayor","potentialAction":[{"@type":"SearchAction","target":{"@type":"EntryPoint","urlTemplate":"https:\/\/elpatronvintage.com\/?s={search_term_string}"},"query-input":{"@type":"PropertyValueSpecification","valueRequired":true,"valueName":"search_term_string"}}],"inLanguage":"fr-FR"},{"@type":"Organization","@id":"https:\/\/elpatronvintage.com\/#organization","name":"THE WHOLESALE VINTAGE PATTERN | Fournisseurs de v\u00eatements vintage","url":"https:\/\/elpatronvintage.com\/","logo":{"@type":"ImageObject","inLanguage":"fr-FR","@id":"https:\/\/elpatronvintage.com\/#\/schema\/logo\/image\/","url":"http:\/\/elpatronvintage.com\/wp-content\/uploads\/2023\/01\/logo-web.webp","contentUrl":"http:\/\/elpatronvintage.com\/wp-content\/uploads\/2023\/01\/logo-web.webp","width":961,"height":598,"caption":"EL PATR\u00d3N VINTAGE WHOLESALE | Proveedores de ropa vintage"},"image":{"@id":"https:\/\/elpatronvintage.com\/#\/schema\/logo\/image\/"}},{"@type":"Person","@id":"https:\/\/elpatronvintage.com\/#\/schema\/person\/136d614ed04399813723475b05ec98d1","name":"Le mod\u00e8le vintage","image":{"@type":"ImageObject","inLanguage":"fr-FR","@id":"https:\/\/elpatronvintage.com\/#\/schema\/person\/image\/","url":"https:\/\/secure.gravatar.com\/avatar\/5a17c4a7a66b2f5ab28552978056ec25?s=96&d=mm&r=g","contentUrl":"https:\/\/secure.gravatar.com\/avatar\/5a17c4a7a66b2f5ab28552978056ec25?s=96&d=mm&r=g","caption":"El Patr\u00f3n Vintage"},"sameAs":["http:\/\/elpatronvintage.com"],"url":"http:\/\/elpatronvintage.com\/fr\/author\/elpatronvintagegmail-com\/"}]}},"_links":{"self":[{"href":"http:\/\/elpatronvintage.com\/fr\/wp-json\/wp\/v2\/posts\/7421","targetHints":{"allow":["GET"]}}],"collection":[{"href":"http:\/\/elpatronvintage.com\/fr\/wp-json\/wp\/v2\/posts"}],"about":[{"href":"http:\/\/elpatronvintage.com\/fr\/wp-json\/wp\/v2\/types\/post"}],"author":[{"embeddable":true,"href":"http:\/\/elpatronvintage.com\/fr\/wp-json\/wp\/v2\/users\/1"}],"replies":[{"embeddable":true,"href":"http:\/\/elpatronvintage.com\/fr\/wp-json\/wp\/v2\/comments?post=7421"}],"version-history":[{"count":3,"href":"http:\/\/elpatronvintage.com\/fr\/wp-json\/wp\/v2\/posts\/7421\/revisions"}],"predecessor-version":[{"id":7589,"href":"http:\/\/elpatronvintage.com\/fr\/wp-json\/wp\/v2\/posts\/7421\/revisions\/7589"}],"wp:featuredmedia":[{"embeddable":true,"href":"http:\/\/elpatronvintage.com\/fr\/wp-json\/wp\/v2\/media\/7414"}],"wp:attachment":[{"href":"http:\/\/elpatronvintage.com\/fr\/wp-json\/wp\/v2\/media?parent=7421"}],"wp:term":[{"taxonomy":"category","embeddable":true,"href":"http:\/\/elpatronvintage.com\/fr\/wp-json\/wp\/v2\/categories?post=7421"},{"taxonomy":"post_tag","embeddable":true,"href":"http:\/\/elpatronvintage.com\/fr\/wp-json\/wp\/v2\/tags?post=7421"}],"curies":[{"name":"wp","href":"https:\/\/api.w.org\/{rel}","templated":true}]}}